{"id":492,"date":"2011-06-04T23:01:20","date_gmt":"2011-06-04T21:01:20","guid":{"rendered":"http:\/\/kosatko.com\/wordpress\/?p=492"},"modified":"2011-06-04T23:01:20","modified_gmt":"2011-06-04T21:01:20","slug":"7-sraz-transporterclubu-v-brne","status":"publish","type":"post","link":"https:\/\/www.kosatko.cz\/wordpress\/archives\/492","title":{"rendered":"7. Sraz Transporterclubu v Brn\u011b"},"content":{"rendered":"<p>&nbsp;<\/p>\n<p><a href=\"http:\/\/www.kosatko.cz\/wordpress\/wp-content\/uploads\/2011\/06\/pozvanka-20111.jpg\"><img loading=\"lazy\" decoding=\"async\" class=\"aligncenter size-full wp-image-501\" title=\"pozvanka-2011\" src=\"http:\/\/www.kosatko.cz\/wordpress\/wp-content\/uploads\/2011\/06\/pozvanka-20111.jpg\" alt=\"\" width=\"550\" height=\"381\" srcset=\"https:\/\/www.kosatko.cz\/wordpress\/wp-content\/uploads\/2011\/06\/pozvanka-20111.jpg 550w, https:\/\/www.kosatko.cz\/wordpress\/wp-content\/uploads\/2011\/06\/pozvanka-20111-300x207.jpg 300w, https:\/\/www.kosatko.cz\/wordpress\/wp-content\/uploads\/2011\/06\/pozvanka-20111-433x300.jpg 433w\" sizes=\"auto, (max-width: 550px) 100vw, 550px\" \/><\/a><\/p>\n<p>&nbsp;<\/p>\n<p>Ji\u017e sedm\u00fd ro\u010dn\u00edk tradi\u010dn\u00edho srazu v r\u00e1mci brn\u011bnsk\u00e9ho autosalonu se konal tuto sobotu na brn\u011bnsk\u00e9m v\u00fdstavi\u0161ti. Podobn\u011b posti\u017een\u00fdch spoluob\u010dan\u016f, jako jsem j\u00e1, se se\u0161lo spoustu, a\u017e n\u00e1m m\u00e1lem nesta\u010dilo k tomu \u00fa\u010delu ur\u010den\u00e9 parkovi\u0161t\u011b.<\/p>\n<p>http:\/\/www.flickr.com\/photos\/jankosatko\/5799040095<\/p>\n<p>Z leto\u0161n\u00edch novinek na autosalonu se slu\u0161\u00ed p\u0159ipomenout na VW st\u00e1nku p\u0159edstavovan\u00fd Multivan edice 25,\u00a0Amarok a nov\u00e9 verze Crafteru.<\/p>\n<p>P\u00e1r fotek op\u011bt k <a href=\"http:\/\/www.flickr.com\/photos\/jankosatko\/sets\/72157626888494454\/\">nalezen\u00ed na Flickru.<\/a><\/p>\n<p>Cesta tam<br \/>\n<a href=\"http:\/\/www.kosatko.com\/tracks\/2011.06.04.Sraz.Transporterclubu.tam.kml\">[width=580;height=400;scrollwheelzoom=disabled]<\/a><\/p>\n<p>a zase zp\u00e1tky<br \/>\n<a href=\"http:\/\/www.kosatko.com\/tracks\/2011.06.04.Sraz.Transporterclubu.zpet.kml\">[width=580;height=400;scrollwheelzoom=disabled]<\/a><\/p>\n<p><script type=\"text\/javascript\">\/\/ <![CDATA[\n  google_ad_client = \"pub-2196777176234144\"; \/* 468x60, vytvo\u0159eno 1.6.11 *\/ google_ad_slot = \"1034727267\"; google_ad_width = 468; google_ad_height = 60;\n\/\/ ]]><\/script><br \/>\n<script src=\"http:\/\/pagead2.googlesyndication.com\/pagead\/show_ads.js\" type=\"text\/javascript\">\n<\/script><\/p>\n","protected":false},"excerpt":{"rendered":"<p>&nbsp; &nbsp; Ji\u017e sedm\u00fd ro\u010dn\u00edk tradi\u010dn\u00edho srazu v r\u00e1mci brn\u011bnsk\u00e9ho autosalonu se konal tuto sobotu na brn\u011bnsk\u00e9m v\u00fdstavi\u0161ti. Podobn\u011b posti\u017een\u00fdch spoluob\u010dan\u016f, jako jsem j\u00e1, se se\u0161lo spoustu, a\u017e n\u00e1m m\u00e1lem nesta\u010dilo k tomu \u00fa\u010delu ur\u010den\u00e9 parkovi\u0161t\u011b. http:\/\/www.flickr.com\/photos\/jankosatko\/5799040095 Z leto\u0161n\u00edch novinek na autosalonu se slu\u0161\u00ed p\u0159ipomenout na VW st\u00e1nku p\u0159edstavovan\u00fd Multivan edice 25,\u00a0Amarok a nov\u00e9 verze [&hellip;]<\/p>\n","protected":false},"author":2,"featured_media":0,"comment_status":"open","ping_status":"open","sticky":false,"template":"","format":"standard","meta":{"footnotes":""},"categories":[3,5],"tags":[],"class_list":["post-492","post","type-post","status-publish","format-standard","hentry","category-auto","category-fotogalerie"],"_links":{"self":[{"href":"https:\/\/www.kosatko.cz\/wordpress\/wp-json\/wp\/v2\/posts\/492","targetHints":{"allow":["GET"]}}],"collection":[{"href":"https:\/\/www.kosatko.cz\/wordpress\/wp-json\/wp\/v2\/posts"}],"about":[{"href":"https:\/\/www.kosatko.cz\/wordpress\/wp-json\/wp\/v2\/types\/post"}],"author":[{"embeddable":true,"href":"https:\/\/www.kosatko.cz\/wordpress\/wp-json\/wp\/v2\/users\/2"}],"replies":[{"embeddable":true,"href":"https:\/\/www.kosatko.cz\/wordpress\/wp-json\/wp\/v2\/comments?post=492"}],"version-history":[{"count":0,"href":"https:\/\/www.kosatko.cz\/wordpress\/wp-json\/wp\/v2\/posts\/492\/revisions"}],"wp:attachment":[{"href":"https:\/\/www.kosatko.cz\/wordpress\/wp-json\/wp\/v2\/media?parent=492"}],"wp:term":[{"taxonomy":"category","embeddable":true,"href":"https:\/\/www.kosatko.cz\/wordpress\/wp-json\/wp\/v2\/categories?post=492"},{"taxonomy":"post_tag","embeddable":true,"href":"https:\/\/www.kosatko.cz\/wordpress\/wp-json\/wp\/v2\/tags?post=492"}],"curies":[{"name":"wp","href":"https:\/\/api.w.org\/{rel}","templated":true}]}}